{"id":513,"date":"2026-02-02T22:29:15","date_gmt":"2026-02-02T21:29:15","guid":{"rendered":"https:\/\/www.fotezja.pl\/przyroda\/?p=513"},"modified":"2026-02-02T22:29:15","modified_gmt":"2026-02-02T21:29:15","slug":"album-wyprawy-przyrodnicze-fotezji-fotografie-uczestnikow","status":"publish","type":"post","link":"https:\/\/www.fotezja.pl\/przyroda\/poradniki\/album-wyprawy-przyrodnicze-fotezji-fotografie-uczestnikow\/","title":{"rendered":"Album Wyprawy Przyrodnicze Fotezji &#8211; Fotografie Uczestnik\u00f3w"},"content":{"rendered":"<p>Zapraszamy do pobrania oraz obejrzenia albumu fotograficznego, stworzonego ze zdj\u0119\u0107 wykonanych przez uczestnik\u00f3w wypraw przyrodniczych Fotezji. Album dost\u0119pny jest bezp\u0142atnie w formacie PDF i mo\u017cna go pobra\u0107 ze strony:<\/p>\n<p><a href=\"https:\/\/www.fotezja.pl\/sklep\/produkt\/wyprawy-przyrodnicze-fotezji-fotografie-uczestnikow\/\">Wyprawy Przyrodnicze Fotezji \u2013 fotografie uczestnik\u00f3w \u2013 Ksi\u0119garnia dla fotograf\u00f3w<\/a><\/p>\n<p>A poni\u017cej mo\u017cna obejrze\u0107 rozmow\u0119 o sk\u0142adaj\u0105cych si\u0119 na album fotografiach, jaka towarzyszy\u0142a premierze albumu:<\/p>\n<p style=\"text-align: center;\"><iframe class=\"zeen-lazy-load-base zeen-lazy-load\" title=\"YouTube video player\" src=\"about:blank\" data-lazy-src=\"https:\/\/www.youtube.com\/embed\/yiM-BoEhR3g?si=Rlj2szc7pb9ASWY7\" width=\"560\" height=\"315\" frameborder=\"0\" allowfullscreen=\"allowfullscreen\"><\/iframe><noscript><iframe title=\"YouTube video player\" src=\"https:\/\/www.youtube.com\/embed\/yiM-BoEhR3g?si=Rlj2szc7pb9ASWY7\" width=\"560\" height=\"315\" frameborder=\"0\" allowfullscreen=\"allowfullscreen\"><\/iframe><\/noscript><\/p>\n","protected":false},"excerpt":{"rendered":"<p>Zapraszamy do pobrania oraz obejrzenia albumu fotograficznego, stworzonego ze zdj\u0119\u0107 wykonanych przez uczestnik\u00f3w wypraw przyrodniczych Fotezji. Album dost\u0119pny jest bezp\u0142atnie w formacie PDF i mo\u017cna go pobra\u0107 ze strony: Wyprawy Przyrodnicze Fotezji \u2013 fotografie uczestnik\u00f3w \u2013 Ksi\u0119garnia dla fotograf\u00f3w A poni\u017cej mo\u017cna obejrze\u0107 rozmow\u0119 o sk\u0142adaj\u0105cych si\u0119 na album fotografiach, jaka towarzyszy\u0142a premierze albumu:<\/p>\n","protected":false},"author":1,"featured_media":514,"comment_status":"open","ping_status":"open","sticky":false,"template":"","format":"standard","meta":{"_jetpack_memberships_contains_paid_content":false,"footnotes":"","_links_to":"","_links_to_target":""},"categories":[2],"tags":[],"class_list":["post-513","post","type-post","status-publish","format-standard","has-post-thumbnail","hentry","category-poradniki"],"jetpack_featured_media_url":"https:\/\/www.fotezja.pl\/przyroda\/wp-content\/uploads\/sites\/7\/2026\/02\/Album_Przyroda_01-26_okladka.jpg","jetpack_sharing_enabled":true,"_links":{"self":[{"href":"https:\/\/www.fotezja.pl\/przyroda\/wp-json\/wp\/v2\/posts\/513","targetHints":{"allow":["GET"]}}],"collection":[{"href":"https:\/\/www.fotezja.pl\/przyroda\/wp-json\/wp\/v2\/posts"}],"about":[{"href":"https:\/\/www.fotezja.pl\/przyroda\/wp-json\/wp\/v2\/types\/post"}],"author":[{"embeddable":true,"href":"https:\/\/www.fotezja.pl\/przyroda\/wp-json\/wp\/v2\/users\/1"}],"replies":[{"embeddable":true,"href":"https:\/\/www.fotezja.pl\/przyroda\/wp-json\/wp\/v2\/comments?post=513"}],"version-history":[{"count":1,"href":"https:\/\/www.fotezja.pl\/przyroda\/wp-json\/wp\/v2\/posts\/513\/revisions"}],"predecessor-version":[{"id":516,"href":"https:\/\/www.fotezja.pl\/przyroda\/wp-json\/wp\/v2\/posts\/513\/revisions\/516"}],"wp:featuredmedia":[{"embeddable":true,"href":"https:\/\/www.fotezja.pl\/przyroda\/wp-json\/wp\/v2\/media\/514"}],"wp:attachment":[{"href":"https:\/\/www.fotezja.pl\/przyroda\/wp-json\/wp\/v2\/media?parent=513"}],"wp:term":[{"taxonomy":"category","embeddable":true,"href":"https:\/\/www.fotezja.pl\/przyroda\/wp-json\/wp\/v2\/categories?post=513"},{"taxonomy":"post_tag","embeddable":true,"href":"https:\/\/www.fotezja.pl\/przyroda\/wp-json\/wp\/v2\/tags?post=513"}],"curies":[{"name":"wp","href":"https:\/\/api.w.org\/{rel}","templated":true}]}}