{"id":775,"date":"2019-05-25T23:45:17","date_gmt":"2019-05-25T21:45:17","guid":{"rendered":"https:\/\/www.fotezja.pl\/fotowyprawy\/?p=775"},"modified":"2019-06-20T01:54:51","modified_gmt":"2019-06-19T23:54:51","slug":"wymagane-umiejetnosci-na-pewno-masz","status":"publish","type":"post","link":"https:\/\/www.fotezja.pl\/fotowyprawy\/powinienes-wiedziec-ze\/wymagane-umiejetnosci-na-pewno-masz\/","title":{"rendered":"Wymagane umiej\u0119tno\u015bci na pewno masz"},"content":{"rendered":"<p>Nasze warsztaty fotograficzne i fotowyprawy s\u0105 otwarte dla wszystkich zainteresowanych fotografi\u0105. Mog\u0105 si\u0119 jednak zdarzy\u0107 imprezy, wymagaj\u0105ce okre\u015blonej wiedzy i umiej\u0119tno\u015bci fotograficznych oraz pewnej samodzielno\u015bci w radzeniu sobie z fotograficznymi wyzwaniami. Przy ka\u017cdym wyje\u017adzie wskazujemy minimalny poziom umiej\u0119tno\u015bci, kt\u00f3ry powinien posiada\u0107 uczestnik, aby w pe\u0142ni wykorzysta\u0107 oferowany program.<\/p>\n<h3>1. Zapraszamy wszystkich, tak\u017ce zupe\u0142nie &#8220;zielonych&#8221;!<\/h3>\n<p>Ta impreza fotograficzna przeznaczona jest dla wszystkich pasjonat\u00f3w fotografii! Osoby zaawansowane b\u0119d\u0105 mia\u0142y swobod\u0119 w szukaniu kadr\u00f3w podczas d\u0142ugich sesji, a pocz\u0105tkuj\u0105cy b\u0119d\u0105 mogli liczy\u0107 na pomoc i wyja\u015bnienia. Instruktorzy fotografii s\u0105 do dyspozycji zar\u00f3wno w sprawach obs\u0142ugi aparatu, wyja\u015bniania technik fotograficznych, podpowiedzi kompozycyjnych czy instrukcji edycyjnych. Nie ma pyta\u0144 zbyt banalnych, by je zada\u0107! Je\u015bli nie wiesz, jak si\u0119 montuje aparat na statywie, co to histogram, jak uzyska\u0107 rozmyte t\u0142o &#8211; po prostu pytaj! Mo\u017cna te\u017c pyta\u0107 kilka razy o to samo &#8211; b\u0119dziemy odpowiada\u0107 do wyczerpania &#8211; tematu albo pytaj\u0105cego. \ud83d\ude42<\/p>\n<h3>2. Wskazane opanowanie podstaw<\/h3>\n<p>Charakter wyjazdu sprawia, \u017ce po prostu szkoda czasu na opanowywanie obs\u0142ugi w\u0142asnego aparatu i uczenie si\u0119 podstaw ekspozycji lub te\u017c &#8211; w przypadku warsztat\u00f3w edycyjnych &#8211; dowiadywanie si\u0119 co to s\u0105 przestrzenie barwne, jak si\u0119 wywo\u0142uje RAW-a a jak skaluje zdj\u0119cia. Czekaj\u0105 trudniejsze wyzwania, bardziej zaawansowane techniki, wi\u0119c podstawy warto mie\u0107 ju\u017c opanowane. Nadal instruktorzy fotografii s\u0105 gotowi nie\u015b\u0107 pomoc i wspiera\u0107 w zmaganiach, ale nie b\u0119dzie do\u015b\u0107 czasu, \u017ceby zacz\u0105\u0107 od zera i zd\u0105\u017cy\u0107 doj\u015b\u0107 do poziomu, pozwalaj\u0105cego w pe\u0142ni wykorzysta\u0107 te warsztaty.<\/p>\n<h3>3. Dla zaawansowanych i samodzielnych<\/h3>\n<p>Fotowyprawy przeznaczone dla os\u00f3b samodzielnych, radz\u0105cych sobie zar\u00f3wno ze sprz\u0119tem, jak i technik\u0105, chc\u0105cych pog\u0142\u0119bi\u0107 g\u0142\u00f3wnie zagadnienia estetyczne, popracowa\u0107 nad stylem czy poszuka\u0107 autorskich kadr\u00f3w w towarzystwie podobnych pasjonat\u00f3w. Bardziej ni\u017c instrukcji i podpowiedzi nale\u017cy tu si\u0119 spodziewa\u0107 wymiany do\u015bwiadcze\u0144, dzielenia si\u0119 w\u0142asnym spojrzeniem, wzajemnego inspirowania pomys\u0142ami. W trakcie takich wyjazd\u00f3w niekoniecznie b\u0119d\u0105 realizowane typowe spotkania warsztatowe.<\/p>\n<p>&nbsp;<\/p>\n","protected":false},"excerpt":{"rendered":"<p>Nasze warsztaty fotograficzne i fotowyprawy s\u0105 otwarte dla wszystkich zainteresowanych fotografi\u0105. Mog\u0105 si\u0119 jednak zdarzy\u0107 imprezy, wymagaj\u0105ce okre\u015blonej wiedzy i umiej\u0119tno\u015bci fotograficznych oraz pewnej samodzielno\u015bci w radzeniu sobie z fotograficznymi wyzwaniami. Przy ka\u017cdym wyje\u017adzie wskazujemy minimalny poziom umiej\u0119tno\u015bci, kt\u00f3ry powinien posiada\u0107 uczestnik, aby w pe\u0142ni wykorzysta\u0107 oferowany program. 1. Zapraszamy wszystkich, tak\u017ce zupe\u0142nie &#8220;zielonych&#8221;! Ta impreza fotograficzna przeznaczona jest dla wszystkich pasjonat\u00f3w fotografii! Osoby zaawansowane b\u0119d\u0105 mia\u0142y swobod\u0119 w szukaniu kadr\u00f3w podczas d\u0142ugich sesji, a pocz\u0105tkuj\u0105cy b\u0119d\u0105 mogli liczy\u0107 na [&hellip;]<\/p>\n","protected":false},"author":2,"featured_media":898,"comment_status":"closed","ping_status":"closed","sticky":false,"template":"","format":"standard","meta":{"footnotes":"","_links_to":"","_links_to_target":""},"categories":[18],"tags":[],"class_list":["post-775","post","type-post","status-publish","format-standard","has-post-thumbnail","hentry","category-powinienes-wiedziec-ze"],"_links":{"self":[{"href":"https:\/\/www.fotezja.pl\/fotowyprawy\/wp-json\/wp\/v2\/posts\/775","targetHints":{"allow":["GET"]}}],"collection":[{"href":"https:\/\/www.fotezja.pl\/fotowyprawy\/wp-json\/wp\/v2\/posts"}],"about":[{"href":"https:\/\/www.fotezja.pl\/fotowyprawy\/wp-json\/wp\/v2\/types\/post"}],"author":[{"embeddable":true,"href":"https:\/\/www.fotezja.pl\/fotowyprawy\/wp-json\/wp\/v2\/users\/2"}],"replies":[{"embeddable":true,"href":"https:\/\/www.fotezja.pl\/fotowyprawy\/wp-json\/wp\/v2\/comments?post=775"}],"version-history":[{"count":7,"href":"https:\/\/www.fotezja.pl\/fotowyprawy\/wp-json\/wp\/v2\/posts\/775\/revisions"}],"predecessor-version":[{"id":810,"href":"https:\/\/www.fotezja.pl\/fotowyprawy\/wp-json\/wp\/v2\/posts\/775\/revisions\/810"}],"wp:featuredmedia":[{"embeddable":true,"href":"https:\/\/www.fotezja.pl\/fotowyprawy\/wp-json\/wp\/v2\/media\/898"}],"wp:attachment":[{"href":"https:\/\/www.fotezja.pl\/fotowyprawy\/wp-json\/wp\/v2\/media?parent=775"}],"wp:term":[{"taxonomy":"category","embeddable":true,"href":"https:\/\/www.fotezja.pl\/fotowyprawy\/wp-json\/wp\/v2\/categories?post=775"},{"taxonomy":"post_tag","embeddable":true,"href":"https:\/\/www.fotezja.pl\/fotowyprawy\/wp-json\/wp\/v2\/tags?post=775"}],"curies":[{"name":"wp","href":"https:\/\/api.w.org\/{rel}","templated":true}]}}