{"id":588,"date":"2019-05-11T20:16:50","date_gmt":"2019-05-11T18:16:50","guid":{"rendered":"https:\/\/www.fotezja.pl\/fotowyprawy\/?p=588"},"modified":"2019-05-21T01:47:39","modified_gmt":"2019-05-20T23:47:39","slug":"u-nas-obowiazuje-zasada-dobrowolnosci","status":"publish","type":"post","link":"https:\/\/www.fotezja.pl\/fotowyprawy\/warto-bo\/u-nas-obowiazuje-zasada-dobrowolnosci\/","title":{"rendered":"U nas obowi\u0105zuje zasada dobrowolno\u015bci"},"content":{"rendered":"<p>Na naszych fotowyprawach i warsztatach fotograficznych nic nie jest obowi\u0105zkowe! Mo\u017cna uczestniczy\u0107 w wieczornych wyk\u0142adach, prezentacjach i dyskusjach &#8211; ale mo\u017cna te\u017c i\u015b\u0107 spa\u0107. Mo\u017cna przedstawi\u0107 swoje zdj\u0119cia do dyskusji, ale mo\u017cna te\u017c ograniczy\u0107 si\u0119 do ogl\u0105dania cudzych. Mo\u017cna z nami je\u017adzi\u0107 na wschody s\u0142o\u0144ca, ale (przewa\u017cnie) mo\u017cna te\u017c spa\u0107 d\u0142u\u017cej. Przewa\u017cnie, bo niekiedy wyjazd na wsch\u00f3d s\u0142o\u0144ca powi\u0105zany jest ze zmian\u0105 hotelu, ale i w\u00f3wczas nie trzeba i\u015b\u0107 na poranny plener, tylko mo\u017cna dospa\u0107 w autobusie.<\/p>\n<p>Na plenerach nie trzymamy si\u0119 w grupie, nie ustawiamy uczestnik\u00f3w w rz\u0105dku, nie wskazujemy co fotografowa\u0107. Owszem, je\u015bli kto\u015b chce stawia\u0107 sw\u00f3j statyw obok naszego, zagl\u0105da\u0107 nam przez rami\u0119 i podpatrywa\u0107 &#8211; prosz\u0119 bardzo, b\u0119dzie nam mi\u0142o! Je\u015bli jednak uczestnik jest samotnikiem, woli szuka\u0107 swoich miejsc, w\u0142asnych kadr\u00f3w i trzyma\u0107 si\u0119 z daleka od grupy &#8211; ma w tej kwestii zupe\u0142n\u0105 swobod\u0119. Na pocz\u0105tku ka\u017cdego pleneru og\u0142aszamy, o kt\u00f3rej zaczynamy powr\u00f3t i od tej chwili ka\u017cdy dysponuje w\u0142asnym czasem.<\/p>\n","protected":false},"excerpt":{"rendered":"<p>Na naszych fotowyprawach i warsztatach fotograficznych nic nie jest obowi\u0105zkowe! Mo\u017cna uczestniczy\u0107 w wieczornych wyk\u0142adach, prezentacjach i dyskusjach &#8211; ale mo\u017cna te\u017c i\u015b\u0107 spa\u0107. Mo\u017cna przedstawi\u0107 swoje zdj\u0119cia do dyskusji, ale mo\u017cna te\u017c ograniczy\u0107 si\u0119 do ogl\u0105dania cudzych. Mo\u017cna z nami je\u017adzi\u0107 na wschody s\u0142o\u0144ca, ale (przewa\u017cnie) mo\u017cna te\u017c spa\u0107 d\u0142u\u017cej. Przewa\u017cnie, bo niekiedy wyjazd na wsch\u00f3d s\u0142o\u0144ca powi\u0105zany jest ze zmian\u0105 hotelu, ale i w\u00f3wczas nie trzeba i\u015b\u0107 na poranny plener, tylko mo\u017cna dospa\u0107 w autobusie. Na plenerach nie [&hellip;]<\/p>\n","protected":false},"author":1,"featured_media":697,"comment_status":"closed","ping_status":"closed","sticky":false,"template":"","format":"standard","meta":{"footnotes":"","_links_to":"","_links_to_target":""},"categories":[16],"tags":[],"class_list":["post-588","post","type-post","status-publish","format-standard","has-post-thumbnail","hentry","category-warto-bo"],"_links":{"self":[{"href":"https:\/\/www.fotezja.pl\/fotowyprawy\/wp-json\/wp\/v2\/posts\/588","targetHints":{"allow":["GET"]}}],"collection":[{"href":"https:\/\/www.fotezja.pl\/fotowyprawy\/wp-json\/wp\/v2\/posts"}],"about":[{"href":"https:\/\/www.fotezja.pl\/fotowyprawy\/wp-json\/wp\/v2\/types\/post"}],"author":[{"embeddable":true,"href":"https:\/\/www.fotezja.pl\/fotowyprawy\/wp-json\/wp\/v2\/users\/1"}],"replies":[{"embeddable":true,"href":"https:\/\/www.fotezja.pl\/fotowyprawy\/wp-json\/wp\/v2\/comments?post=588"}],"version-history":[{"count":3,"href":"https:\/\/www.fotezja.pl\/fotowyprawy\/wp-json\/wp\/v2\/posts\/588\/revisions"}],"predecessor-version":[{"id":592,"href":"https:\/\/www.fotezja.pl\/fotowyprawy\/wp-json\/wp\/v2\/posts\/588\/revisions\/592"}],"wp:featuredmedia":[{"embeddable":true,"href":"https:\/\/www.fotezja.pl\/fotowyprawy\/wp-json\/wp\/v2\/media\/697"}],"wp:attachment":[{"href":"https:\/\/www.fotezja.pl\/fotowyprawy\/wp-json\/wp\/v2\/media?parent=588"}],"wp:term":[{"taxonomy":"category","embeddable":true,"href":"https:\/\/www.fotezja.pl\/fotowyprawy\/wp-json\/wp\/v2\/categories?post=588"},{"taxonomy":"post_tag","embeddable":true,"href":"https:\/\/www.fotezja.pl\/fotowyprawy\/wp-json\/wp\/v2\/tags?post=588"}],"curies":[{"name":"wp","href":"https:\/\/api.w.org\/{rel}","templated":true}]}}