{"id":491,"date":"2019-04-25T00:29:22","date_gmt":"2019-04-24T22:29:22","guid":{"rendered":"https:\/\/www.fotezja.pl\/fotowyprawy\/?p=491"},"modified":"2019-05-19T00:36:44","modified_gmt":"2019-05-18T22:36:44","slug":"z-nami-jedziesz-bezpiecznie","status":"publish","type":"post","link":"https:\/\/www.fotezja.pl\/fotowyprawy\/warto-bo\/z-nami-jedziesz-bezpiecznie\/","title":{"rendered":"Z nami jedziesz bezpiecznie"},"content":{"rendered":"<p>Nasze pojazdy prowadz\u0105 zawodowi kierowcy, kt\u00f3rzy po kolacji id\u0105 spa\u0107, a nie uczestnicy i instruktorzy, zm\u0119czeni d\u0142ugimi dniami fotografowania i dyskusjami do p\u00f3\u017ana. Nie wyspa\u0142e\u015b si\u0119 w nocy, bo zg\u0142\u0119bia\u0142e\u015b tajniki d\u0142ugich na\u015bwietla\u0144? Nie ma problemu, ode\u015bpisz w aucie. Kierowcy w tym czasie zawioz\u0105 Ci\u0119 bezpiecznie, gdzie trzeba. A gdy b\u0119dziesz chcia\u0142 do obiadu wypi\u0107 piwo czy wino, mo\u017cesz to zrobi\u0107 z czystym sumieniem, nie ryzykuj\u0105c p\u00f3\u017aniej mandatu.<\/p>\n","protected":false},"excerpt":{"rendered":"<p>Nasze pojazdy prowadz\u0105 zawodowi kierowcy, kt\u00f3rzy po kolacji id\u0105 spa\u0107, a nie uczestnicy i instruktorzy, zm\u0119czeni d\u0142ugimi dniami fotografowania i dyskusjami do p\u00f3\u017ana. Nie wyspa\u0142e\u015b si\u0119 w nocy, bo zg\u0142\u0119bia\u0142e\u015b tajniki d\u0142ugich na\u015bwietla\u0144? Nie ma problemu, ode\u015bpisz w aucie. Kierowcy w tym czasie zawioz\u0105 Ci\u0119 bezpiecznie, gdzie trzeba. A gdy b\u0119dziesz chcia\u0142 do obiadu wypi\u0107 piwo czy wino, mo\u017cesz to zrobi\u0107 z czystym sumieniem, nie ryzykuj\u0105c p\u00f3\u017aniej mandatu.<\/p>\n","protected":false},"author":2,"featured_media":685,"comment_status":"closed","ping_status":"closed","sticky":false,"template":"","format":"standard","meta":{"footnotes":"","_links_to":"","_links_to_target":""},"categories":[16],"tags":[],"class_list":["post-491","post","type-post","status-publish","format-standard","has-post-thumbnail","hentry","category-warto-bo"],"_links":{"self":[{"href":"https:\/\/www.fotezja.pl\/fotowyprawy\/wp-json\/wp\/v2\/posts\/491","targetHints":{"allow":["GET"]}}],"collection":[{"href":"https:\/\/www.fotezja.pl\/fotowyprawy\/wp-json\/wp\/v2\/posts"}],"about":[{"href":"https:\/\/www.fotezja.pl\/fotowyprawy\/wp-json\/wp\/v2\/types\/post"}],"author":[{"embeddable":true,"href":"https:\/\/www.fotezja.pl\/fotowyprawy\/wp-json\/wp\/v2\/users\/2"}],"replies":[{"embeddable":true,"href":"https:\/\/www.fotezja.pl\/fotowyprawy\/wp-json\/wp\/v2\/comments?post=491"}],"version-history":[{"count":5,"href":"https:\/\/www.fotezja.pl\/fotowyprawy\/wp-json\/wp\/v2\/posts\/491\/revisions"}],"predecessor-version":[{"id":687,"href":"https:\/\/www.fotezja.pl\/fotowyprawy\/wp-json\/wp\/v2\/posts\/491\/revisions\/687"}],"wp:featuredmedia":[{"embeddable":true,"href":"https:\/\/www.fotezja.pl\/fotowyprawy\/wp-json\/wp\/v2\/media\/685"}],"wp:attachment":[{"href":"https:\/\/www.fotezja.pl\/fotowyprawy\/wp-json\/wp\/v2\/media?parent=491"}],"wp:term":[{"taxonomy":"category","embeddable":true,"href":"https:\/\/www.fotezja.pl\/fotowyprawy\/wp-json\/wp\/v2\/categories?post=491"},{"taxonomy":"post_tag","embeddable":true,"href":"https:\/\/www.fotezja.pl\/fotowyprawy\/wp-json\/wp\/v2\/tags?post=491"}],"curies":[{"name":"wp","href":"https:\/\/api.w.org\/{rel}","templated":true}]}}