{"id":2107,"date":"2019-07-17T18:54:16","date_gmt":"2019-07-17T16:54:16","guid":{"rendered":"https:\/\/www.fotezja.pl\/fotowyprawy\/?p=2107"},"modified":"2022-12-19T23:59:27","modified_gmt":"2022-12-19T22:59:27","slug":"covid-19-a-fotowyprawy","status":"publish","type":"post","link":"https:\/\/www.fotezja.pl\/fotowyprawy\/warto-bo\/covid-19-a-fotowyprawy\/","title":{"rendered":"Covid-19 a fotowyprawy"},"content":{"rendered":"<p>Czy w czasach epidemii Covid-19 mo\u017cna uczestniczy\u0107 w warsztatach i fotowyprawach? Co si\u0119 stanie, je\u015bli warsztaty nie b\u0119d\u0105 mog\u0142y doj\u015b\u0107 do skutku z powodu epidemii? Nie ma co panikowa\u0107 &#8211; Covid ma wielkie oczy, ale \u015bwiat radzi z nim sobie coraz lepiej!<\/p>\n<p>Koronawirus na pewien czas uniemo\u017cliwi\u0142 jakiekolwiek wyjazdy,\u00a0 a w d\u0142u\u017cszej perspektywie je skomplikowa\u0142 &#8211; cho\u0107 tych komplikacji jest coraz mniej. My staramy si\u0119, aby nasze wyjazdy dochodzi\u0142y do skutku, a je\u015bli to niemo\u017cliwe &#8211; aby ich odwo\u0142anie by\u0142o jak najmniej uci\u0105\u017cliwe dla uczestnik\u00f3w. Poni\u017cej najcz\u0119stsze pytania, jakie w tej sprawie do nas docieraj\u0105, a tak\u017ce nasze stanowisko w tych kwestiach.<\/p>\n<h4>1. Co si\u0119 stanie, je\u015bli z powodu epidemii fotowyprawa nie b\u0119dzie mog\u0142a doj\u015b\u0107 do skutku?<\/h4>\n<p>Je\u015bli fotowyprawy lub warsztat\u00f3w fotograficznych nie da si\u0119 zrealizowa\u0107 w zaplanowanym terminie, w\u00f3wczas zmieniamy termin wyjazdu lub go odwo\u0142ujemy. Uczestnik mo\u017ce zaakceptowa\u0107 zmian\u0119 terminu, przenie\u015b\u0107 wp\u0142acone \u015brodki na inny wyjazd lub otrzyma\u0107 ich zwrot. Nie korzystamy z przepis\u00f3w &#8220;tarczy antykryzysowej&#8221; pozwalaj\u0105cych na przetrzymanie pieni\u0119dzy o ponad p\u00f3\u0142 roku &#8211; zwracamy od razu po rezygnacji lub przesuni\u0119ciu wyjazdu. Ponadto wszystkie wp\u0142aty uczestnik\u00f3w s\u0105 zabezpieczone <a href=\"https:\/\/www.fotezja.pl\/fotowyprawy\/gwarancja-ubezpieczeniowa\/\">gwarancj\u0105 ubezpieczeniow\u0105 wystawion\u0105 przez Signal Iduna<\/a>, a tak\u017ce przez Turystyczny Fundusz Gwarancyjny.<\/p>\n<h4>2. Czy fotowyprawa mo\u017ce si\u0119 odby\u0107, je\u015bli w kraju docelowym obowi\u0105zuje kwarantanna dla przyjezdnych?<\/h4>\n<p>Nie, kwarantanna dla przyjezdnych wyklucza mo\u017cliwo\u015b\u0107 realizacji fotowyprawy, wi\u0119c je\u015bli w danym kraju obowi\u0105zuje kwarantanna, to odwo\u0142amy lub prze\u0142o\u017cymy fotowypraw\u0119 na inny termin. Na szcz\u0119\u015bcie otwieraniu granic towarzyszy znoszenie obowi\u0105zkowej kwarantanny. Czasem pojawiaj\u0105 si\u0119 dodatkowe wymogi bezpiecze\u0144stwa, jak np. badania na obecno\u015b\u0107 wirusa <a href=\"https:\/\/www.ewaipiotr.pl\/warsztaty-fotograficzne-2\/islandia-zaprasza-po-koronawirusie\/\" target=\"_blank\" rel=\"noopener noreferrer\">u os\u00f3b przybywaj\u0105cych na Islandi\u0119<\/a>. Te dodatkowe wymogi nie uniemo\u017cliwiaj\u0105 realizacji wyjazdu, trzeba jednak je uwzgl\u0119dni\u0107 na etapie przygotowa\u0144. Ka\u017cdorazowo b\u0119dziemy informowa\u0107 uczestnik\u00f3w jak powinni si\u0119 przygotowa\u0107 do wyjazdu i co ze sob\u0105 zabra\u0107 &#8211; tak\u017ce w kwestiach dotycz\u0105cych epidemii.<\/p>\n<h4>3. Czy bilet lotniczy przepadnie je\u015bli fotowyprawa nie dojdzie do skutku?<\/h4>\n<p>Je\u015bli po\u0142\u0105czenia s\u0105 wstrzymane z powodu epidemii, linie lotnicze oferuj\u0105 bezp\u0142atn\u0105 zmian\u0119 terminu wylotu lub voucher na inny lot, niekt\u00f3re linie te\u017c pozwalaj\u0105 wybra\u0107 w takiej sytuacji zwrot got\u00f3wki. Bilet wi\u0119c nie przepada, a wp\u0142acone pieni\u0105dze mog\u0105 zosta\u0107 wykorzystane na wyjazd w innym terminie. Pomagamy uczestnikom naszych przesuni\u0119tych fotowypraw w kwestiach zwi\u0105zanych z biletami lotniczymi.<\/p>\n<h4>Czy ubezpieczenie podr\u00f3\u017cne w czasie fotowyprawy pokrywa koszty leczenia Covid-19?<\/h4>\n<p>Tak, ubezpieczenie Bezpieczne Podr\u00f3\u017ce Signal Iduna obejmuj\u0105 koszty leczenia szpitalnego zwi\u0105zanego z infekcj\u0105 Covid-19: <a href=\"https:\/\/www.signal-iduna.pl\/rozszerzylismy-ochrone-ubezpieczeniowa-w-produktach-turystycznych\/\" target=\"_blank\" rel=\"noopener noreferrer\">https:\/\/www.signal-iduna.pl\/rozszerzylismy-ochrone-ubezpieczeniowa-w-produktach-turystycznych\/<\/a><\/p>\n<h4>Wi\u0119cej pyta\u0144 i w\u0105tpliwo\u015bci?<\/h4>\n<p>Je\u015bli s\u0105 jeszcze jakie\u015b niejasne kwestie zwi\u0105zane z naszymi warsztatami i sytuacj\u0105 epidemiologiczn\u0105, zapraszamy do kontaktu.<\/p>\n\n<div class=\"wpcf7 no-js\" id=\"wpcf7-f316-o1\" lang=\"pl-PL\" dir=\"ltr\" data-wpcf7-id=\"316\">\n<div class=\"screen-reader-response\"><p role=\"status\" aria-live=\"polite\" aria-atomic=\"true\"><\/p> <ul><\/ul><\/div>\n<form action=\"\/fotowyprawy\/wp-json\/wp\/v2\/posts\/2107#wpcf7-f316-o1\" method=\"post\" class=\"wpcf7-form init\" aria-label=\"Formularz kontaktowy\" novalidate=\"novalidate\" data-status=\"init\">\n<fieldset class=\"hidden-fields-container\"><input type=\"hidden\" name=\"_wpcf7\" value=\"316\" \/><input type=\"hidden\" name=\"_wpcf7_version\" value=\"6.1.5\" \/><input type=\"hidden\" name=\"_wpcf7_locale\" value=\"pl_PL\" \/><input type=\"hidden\" name=\"_wpcf7_unit_tag\" value=\"wpcf7-f316-o1\" \/><input type=\"hidden\" name=\"_wpcf7_container_post\" value=\"0\" \/><input type=\"hidden\" name=\"_wpcf7_posted_data_hash\" value=\"\" \/><input type=\"hidden\" name=\"_wpcf7_recaptcha_response\" value=\"\" \/>\n<\/fieldset>\n<p><label> Imi\u0119 i nazwisko (wymagane)<br \/>\n<span class=\"wpcf7-form-control-wrap\" data-name=\"your-name\"><input size=\"40\" maxlength=\"400\" class=\"wpcf7-form-control wpcf7-text wpcf7-validates-as-required\" aria-required=\"true\" aria-invalid=\"false\" value=\"\" type=\"text\" name=\"your-name\" \/><\/span> <\/label>\n<\/p>\n<p><label> Adres email (wymagane)<br \/>\n<span class=\"wpcf7-form-control-wrap\" data-name=\"your-email\"><input size=\"40\" maxlength=\"400\" class=\"wpcf7-form-control wpcf7-email wpcf7-validates-as-required wpcf7-text wpcf7-validates-as-email\" aria-required=\"true\" aria-invalid=\"false\" value=\"\" type=\"email\" name=\"your-email\" \/><\/span> <\/label>\n<\/p>\n<p><label> Temat<br \/>\n<span class=\"wpcf7-form-control-wrap\" data-name=\"your-subject\"><input size=\"40\" maxlength=\"400\" class=\"wpcf7-form-control wpcf7-text\" aria-invalid=\"false\" value=\"\" type=\"text\" name=\"your-subject\" \/><\/span> <\/label>\n<\/p>\n<p><label> Tre\u015b\u0107 wiadomo\u015bci<br \/>\n<span class=\"wpcf7-form-control-wrap\" data-name=\"your-message\"><textarea cols=\"40\" rows=\"10\" maxlength=\"2000\" class=\"wpcf7-form-control wpcf7-textarea\" aria-invalid=\"false\" name=\"your-message\"><\/textarea><\/span> <\/label>\n<\/p>\n\n<p><input class=\"wpcf7-form-control wpcf7-submit has-spinner\" type=\"submit\" value=\"Wy\u015blij\" \/>\n<\/p><div class=\"wpcf7-response-output\" aria-hidden=\"true\"><\/div>\n<\/form>\n<\/div>\n\n","protected":false},"excerpt":{"rendered":"<p>Czy w czasach epidemii Covid-19 mo\u017cna uczestniczy\u0107 w warsztatach i fotowyprawach? Co si\u0119 stanie, je\u015bli warsztaty nie b\u0119d\u0105 mog\u0142y doj\u015b\u0107 do skutku z powodu epidemii? Nie ma co panikowa\u0107 &#8211; Covid ma wielkie oczy, ale \u015bwiat radzi z nim sobie coraz lepiej! Koronawirus na pewien czas uniemo\u017cliwi\u0142 jakiekolwiek wyjazdy,\u00a0 a w d\u0142u\u017cszej perspektywie je skomplikowa\u0142 &#8211; cho\u0107 tych komplikacji jest coraz mniej. My staramy si\u0119, aby nasze wyjazdy dochodzi\u0142y do skutku, a je\u015bli to niemo\u017cliwe &#8211; aby ich odwo\u0142anie by\u0142o [&hellip;]<\/p>\n","protected":false},"author":1,"featured_media":2108,"comment_status":"closed","ping_status":"closed","sticky":false,"template":"","format":"standard","meta":{"footnotes":"","_links_to":"","_links_to_target":""},"categories":[16,18],"tags":[],"class_list":["post-2107","post","type-post","status-publish","format-standard","has-post-thumbnail","hentry","category-warto-bo","category-powinienes-wiedziec-ze"],"_links":{"self":[{"href":"https:\/\/www.fotezja.pl\/fotowyprawy\/wp-json\/wp\/v2\/posts\/2107","targetHints":{"allow":["GET"]}}],"collection":[{"href":"https:\/\/www.fotezja.pl\/fotowyprawy\/wp-json\/wp\/v2\/posts"}],"about":[{"href":"https:\/\/www.fotezja.pl\/fotowyprawy\/wp-json\/wp\/v2\/types\/post"}],"author":[{"embeddable":true,"href":"https:\/\/www.fotezja.pl\/fotowyprawy\/wp-json\/wp\/v2\/users\/1"}],"replies":[{"embeddable":true,"href":"https:\/\/www.fotezja.pl\/fotowyprawy\/wp-json\/wp\/v2\/comments?post=2107"}],"version-history":[{"count":10,"href":"https:\/\/www.fotezja.pl\/fotowyprawy\/wp-json\/wp\/v2\/posts\/2107\/revisions"}],"predecessor-version":[{"id":2315,"href":"https:\/\/www.fotezja.pl\/fotowyprawy\/wp-json\/wp\/v2\/posts\/2107\/revisions\/2315"}],"wp:featuredmedia":[{"embeddable":true,"href":"https:\/\/www.fotezja.pl\/fotowyprawy\/wp-json\/wp\/v2\/media\/2108"}],"wp:attachment":[{"href":"https:\/\/www.fotezja.pl\/fotowyprawy\/wp-json\/wp\/v2\/media?parent=2107"}],"wp:term":[{"taxonomy":"category","embeddable":true,"href":"https:\/\/www.fotezja.pl\/fotowyprawy\/wp-json\/wp\/v2\/categories?post=2107"},{"taxonomy":"post_tag","embeddable":true,"href":"https:\/\/www.fotezja.pl\/fotowyprawy\/wp-json\/wp\/v2\/tags?post=2107"}],"curies":[{"name":"wp","href":"https:\/\/api.w.org\/{rel}","templated":true}]}}